{"id":5788,"date":"2017-11-10T09:47:21","date_gmt":"2017-11-10T08:47:21","guid":{"rendered":"http:\/\/cirtes.com\/?p=5788"},"modified":"2019-06-24T15:07:46","modified_gmt":"2019-06-24T13:07:46","slug":"salon-educatec-educatice","status":"publish","type":"post","link":"https:\/\/www.cirtes.com\/?p=5788","title":{"rendered":"CIRTES au salon Educatec &#8211; Educatice"},"content":{"rendered":"<p>&nbsp;<\/p>\n<h2>Educatec &#8211; Educatice<\/h2>\n<p>Le <a href=\"http:\/\/www.educatec-educatice.com\/\">Salon Educatec &#8211; Educatice<\/a> est, depuis plus de 20 ans, le salon professionnel de r\u00e9f\u00e9rence en ce qui concerne l&rsquo;\u00e9ducation en France.<\/p>\n<p>En effet, chaque ann\u00e9e, Educatec &#8211; Educatice propose, durant 3 jours, divers conf\u00e9rences, pr\u00e9sentations, d\u00e9monstrations et d\u00e9bats afin de porter notre r\u00e9flexion sur l&rsquo;\u00e9ducation du futur et de faire le point sur les avanc\u00e9es r\u00e9alis\u00e9es au cours de l&rsquo;ann\u00e9e.<\/p>\n<h2>L&rsquo;Innovation HUB<\/h2>\n<p>Pour sa 22 e \u00e9dition, Educatec &#8211; Educatice met en place<a href=\"http:\/\/www.educatec-educatice.com\/INNOVATION+HUB_5371.html\"> un espace sp\u00e9cifiquement d\u00e9di\u00e9 aux innovations<\/a> et permettant la rencontre de l&rsquo;industrie du futur, de l&rsquo;enseignement sup\u00e9rieur et des \u00e9coliers.<\/p>\n<p>Il s&rsquo;agit d\u00e9sormais d&rsquo;imaginer ce que seront les m\u00e9tiers de demain afin de permettre \u00e0 nos futurs actifs d&rsquo;acqu\u00e9rir les comp\u00e9tences n\u00e9cessaires \u00e0 leur carri\u00e8re. Notons que 65% d&rsquo;entre eux exerceront une activit\u00e9 qui n\u2019existe pas aujourd&rsquo;hui!<\/p>\n<h2>CIRTES et INORI<\/h2>\n<p>Le CIRTES et <a href=\"http:\/\/www.inori.fr\/index.php\/presentation\">INORI<\/a>, deux entreprises dont les liens demeurent extr\u00eamement forts, s&rsquo;inscrivent tout particuli\u00e8rement dans cette d\u00e9marche d&rsquo;innovation et d&rsquo;\u00e9ducation.<\/p>\n<p>De par l&rsquo;\u00e9troite liaison entre les deux structures et l&rsquo;InSIC (Institut Sup\u00e9rieur ing\u00e9nierie de la conception), ils permettent \u00e0 de futurs ing\u00e9nieurs de b\u00e9n\u00e9ficier d&rsquo;outils et de technologies de pointe tout en d\u00e9veloppant au sein du P\u00f4le VirtuReal les technologies de packaging du futur.<\/p>\n<p>Pr\u00e9sents au Salon Educatec -Educatice, vous serez accueillis par Am\u00e9lie pour vous pr\u00e9senter Pack&amp;Strat, la solution de packaging 3D d&rsquo;INORI et par Fabrice pour vous pr\u00e9senter Stratoconception, la solution de fabrication additive d\u00e9velopp\u00e9e par le CIRTES<\/p>\n<p><a href=\"http:\/\/www.educatec-educatice.com\/preinscription_393_4829_p.html?code=EXP\"><br \/>\nJe m&rsquo;inscris<br \/>\n<\/a><\/p>\n","protected":false},"excerpt":{"rendered":"<p>&nbsp; Educatec &#8211; Educatice Le Salon Educatec &#8211; Educatice est, depuis plus de 20 ans, le salon professionnel de r\u00e9f\u00e9rence en ce qui concerne l&rsquo;\u00e9ducation en France. En effet, chaque ann\u00e9e, Educatec &#8211; Educatice propose, durant 3 jours, divers conf\u00e9rences, pr\u00e9sentations, d\u00e9monstrations et d\u00e9bats afin de porter notre r\u00e9flexion sur l&rsquo;\u00e9ducation du futur et de [&hellip;]<\/p>\n","protected":false},"author":1,"featured_media":5790,"comment_status":"closed","ping_status":"open","sticky":false,"template":"","format":"standard","meta":{"ocean_post_layout":"","ocean_both_sidebars_style":"","ocean_both_sidebars_content_width":0,"ocean_both_sidebars_sidebars_width":0,"ocean_sidebar":"","ocean_second_sidebar":"","ocean_disable_margins":"enable","ocean_add_body_class":"","ocean_shortcode_before_top_bar":"","ocean_shortcode_after_top_bar":"","ocean_shortcode_before_header":"","ocean_shortcode_after_header":"","ocean_has_shortcode":"","ocean_shortcode_after_title":"","ocean_shortcode_before_footer_widgets":"","ocean_shortcode_after_footer_widgets":"","ocean_shortcode_before_footer_bottom":"","ocean_shortcode_after_footer_bottom":"","ocean_display_top_bar":"default","ocean_display_header":"default","ocean_header_style":"","ocean_center_header_left_menu":"","ocean_custom_header_template":"","ocean_custom_logo":0,"ocean_custom_retina_logo":0,"ocean_custom_logo_max_width":0,"ocean_custom_logo_tablet_max_width":0,"ocean_custom_logo_mobile_max_width":0,"ocean_custom_logo_max_height":0,"ocean_custom_logo_tablet_max_height":0,"ocean_custom_logo_mobile_max_height":0,"ocean_header_custom_menu":"","ocean_menu_typo_font_family":"","ocean_menu_typo_font_subset":"","ocean_menu_typo_font_size":0,"ocean_menu_typo_font_size_tablet":0,"ocean_menu_typo_font_size_mobile":0,"ocean_menu_typo_font_size_unit":"px","ocean_menu_typo_font_weight":"","ocean_menu_typo_font_weight_tablet":"","ocean_menu_typo_font_weight_mobile":"","ocean_menu_typo_transform":"","ocean_menu_typo_transform_tablet":"","ocean_menu_typo_transform_mobile":"","ocean_menu_typo_line_height":0,"ocean_menu_typo_line_height_tablet":0,"ocean_menu_typo_line_height_mobile":0,"ocean_menu_typo_line_height_unit":"","ocean_menu_typo_spacing":0,"ocean_menu_typo_spacing_tablet":0,"ocean_menu_typo_spacing_mobile":0,"ocean_menu_typo_spacing_unit":"","ocean_menu_link_color":"","ocean_menu_link_color_hover":"","ocean_menu_link_color_active":"","ocean_menu_link_background":"","ocean_menu_link_hover_background":"","ocean_menu_link_active_background":"","ocean_menu_social_links_bg":"","ocean_menu_social_hover_links_bg":"","ocean_menu_social_links_color":"","ocean_menu_social_hover_links_color":"","ocean_disable_title":"default","ocean_disable_heading":"default","ocean_post_title":"","ocean_post_subheading":"","ocean_post_title_style":"","ocean_post_title_background_color":"","ocean_post_title_background":0,"ocean_post_title_bg_image_position":"","ocean_post_title_bg_image_attachment":"","ocean_post_title_bg_image_repeat":"","ocean_post_title_bg_image_size":"","ocean_post_title_height":0,"ocean_post_title_bg_overlay":0.5,"ocean_post_title_bg_overlay_color":"","ocean_disable_breadcrumbs":"default","ocean_breadcrumbs_color":"","ocean_breadcrumbs_separator_color":"","ocean_breadcrumbs_links_color":"","ocean_breadcrumbs_links_hover_color":"","ocean_display_footer_widgets":"default","ocean_display_footer_bottom":"default","ocean_custom_footer_template":"","osh_disable_topbar_sticky":"default","osh_disable_header_sticky":"default","osh_sticky_header_style":"default","osh_sticky_header_effect":"","osh_custom_sticky_logo":0,"osh_custom_retina_sticky_logo":0,"osh_custom_sticky_logo_height":0,"osh_background_color":"","osh_links_color":"","osh_links_hover_color":"","osh_links_active_color":"","osh_links_bg_color":"","osh_links_hover_bg_color":"","osh_links_active_bg_color":"","osh_menu_social_links_color":"","osh_menu_social_hover_links_color":"","ocean_post_oembed":"","ocean_post_self_hosted_media":"","ocean_post_video_embed":"","ocean_link_format":"","ocean_link_format_target":"self","ocean_quote_format":"","ocean_quote_format_link":"post","ocean_gallery_link_images":"on","ocean_gallery_id":[],"footnotes":""},"categories":[93],"tags":[72,73,75,76,74],"class_list":["post-5788","post","type-post","status-publish","format-standard","has-post-thumbnail","hentry","category-salons","tag-cirtes","tag-inori","tag-packstrat","tag-salons","tag-stratoconception","entry","has-media"],"yoast_head":"<!-- This site is optimized with the Yoast SEO plugin v21.8.1 - https:\/\/yoast.com\/wordpress\/plugins\/seo\/ -->\n<title>CIRTES au salon Educatec - Educatice - CIRTES<\/title>\n<meta name=\"robots\" content=\"index, follow, max-snippet:-1, max-image-preview:large, max-video-preview:-1\" \/>\n<link rel=\"canonical\" href=\"https:\/\/www.cirtes.com\/?p=5788\" \/>\n<meta property=\"og:locale\" content=\"fr_FR\" \/>\n<meta property=\"og:type\" content=\"article\" \/>\n<meta property=\"og:title\" content=\"CIRTES au salon Educatec - Educatice - CIRTES\" \/>\n<meta property=\"og:description\" content=\"&nbsp; Educatec &#8211; Educatice Le Salon Educatec &#8211; Educatice est, depuis plus de 20 ans, le salon professionnel de r\u00e9f\u00e9rence en ce qui concerne l&rsquo;\u00e9ducation en France. En effet, chaque ann\u00e9e, Educatec &#8211; Educatice propose, durant 3 jours, divers conf\u00e9rences, pr\u00e9sentations, d\u00e9monstrations et d\u00e9bats afin de porter notre r\u00e9flexion sur l&rsquo;\u00e9ducation du futur et de [&hellip;]\" \/>\n<meta property=\"og:url\" content=\"https:\/\/www.cirtes.com\/?p=5788\" \/>\n<meta property=\"og:site_name\" content=\"CIRTES\" \/>\n<meta property=\"article:published_time\" content=\"2017-11-10T08:47:21+00:00\" \/>\n<meta property=\"article:modified_time\" content=\"2019-06-24T13:07:46+00:00\" \/>\n<meta property=\"og:image\" content=\"https:\/\/www.cirtes.com\/wp-content\/uploads\/2017\/11\/Visuel-article-V1.1.png\" \/>\n\t<meta property=\"og:image:width\" content=\"800\" \/>\n\t<meta property=\"og:image:height\" content=\"800\" \/>\n\t<meta property=\"og:image:type\" content=\"image\/png\" \/>\n<meta name=\"author\" content=\"admin\" \/>\n<meta name=\"twitter:card\" content=\"summary_large_image\" \/>\n<meta name=\"twitter:label1\" content=\"\u00c9crit par\" \/>\n\t<meta name=\"twitter:data1\" content=\"admin\" \/>\n\t<meta name=\"twitter:label2\" content=\"Dur\u00e9e de lecture estim\u00e9e\" \/>\n\t<meta name=\"twitter:data2\" content=\"1 minute\" \/>\n<script type=\"application\/ld+json\" class=\"yoast-schema-graph\">{\"@context\":\"https:\/\/schema.org\",\"@graph\":[{\"@type\":\"Article\",\"@id\":\"https:\/\/www.cirtes.com\/?p=5788#article\",\"isPartOf\":{\"@id\":\"https:\/\/www.cirtes.com\/?p=5788\"},\"author\":{\"name\":\"admin\",\"@id\":\"https:\/\/www.cirtes.com\/#\/schema\/person\/4c62d7de808d3ffd6521225baa803fb1\"},\"headline\":\"CIRTES au salon Educatec &#8211; Educatice\",\"datePublished\":\"2017-11-10T08:47:21+00:00\",\"dateModified\":\"2019-06-24T13:07:46+00:00\",\"mainEntityOfPage\":{\"@id\":\"https:\/\/www.cirtes.com\/?p=5788\"},\"wordCount\":300,\"publisher\":{\"@id\":\"https:\/\/www.cirtes.com\/#organization\"},\"keywords\":[\"CIRTES\",\"INORI\",\"Pack&amp;Strat\",\"Salons\",\"Stratoconception\"],\"articleSection\":[\"Salons\"],\"inLanguage\":\"fr-FR\"},{\"@type\":\"WebPage\",\"@id\":\"https:\/\/www.cirtes.com\/?p=5788\",\"url\":\"https:\/\/www.cirtes.com\/?p=5788\",\"name\":\"CIRTES au salon Educatec - Educatice - CIRTES\",\"isPartOf\":{\"@id\":\"https:\/\/www.cirtes.com\/#website\"},\"datePublished\":\"2017-11-10T08:47:21+00:00\",\"dateModified\":\"2019-06-24T13:07:46+00:00\",\"breadcrumb\":{\"@id\":\"https:\/\/www.cirtes.com\/?p=5788#breadcrumb\"},\"inLanguage\":\"fr-FR\",\"potentialAction\":[{\"@type\":\"ReadAction\",\"target\":[\"https:\/\/www.cirtes.com\/?p=5788\"]}]},{\"@type\":\"BreadcrumbList\",\"@id\":\"https:\/\/www.cirtes.com\/?p=5788#breadcrumb\",\"itemListElement\":[{\"@type\":\"ListItem\",\"position\":1,\"name\":\"Accueil\",\"item\":\"https:\/\/www.cirtes.com\/\"},{\"@type\":\"ListItem\",\"position\":2,\"name\":\"CIRTES au salon Educatec &#8211; Educatice\"}]},{\"@type\":\"WebSite\",\"@id\":\"https:\/\/www.cirtes.com\/#website\",\"url\":\"https:\/\/www.cirtes.com\/\",\"name\":\"CIRTES\",\"description\":\"Fabrication Additive et Usinage Avanc\u00e9\",\"publisher\":{\"@id\":\"https:\/\/www.cirtes.com\/#organization\"},\"potentialAction\":[{\"@type\":\"SearchAction\",\"target\":{\"@type\":\"EntryPoint\",\"urlTemplate\":\"https:\/\/www.cirtes.com\/?s={search_term_string}\"},\"query-input\":\"required name=search_term_string\"}],\"inLanguage\":\"fr-FR\"},{\"@type\":\"Organization\",\"@id\":\"https:\/\/www.cirtes.com\/#organization\",\"name\":\"CIRTES\",\"url\":\"https:\/\/www.cirtes.com\/\",\"logo\":{\"@type\":\"ImageObject\",\"inLanguage\":\"fr-FR\",\"@id\":\"https:\/\/www.cirtes.com\/#\/schema\/logo\/image\/\",\"url\":\"https:\/\/www.cirtes.com\/wp-content\/uploads\/2016\/05\/unnamed-2.png\",\"contentUrl\":\"https:\/\/www.cirtes.com\/wp-content\/uploads\/2016\/05\/unnamed-2.png\",\"width\":300,\"height\":95,\"caption\":\"CIRTES\"},\"image\":{\"@id\":\"https:\/\/www.cirtes.com\/#\/schema\/logo\/image\/\"},\"sameAs\":[\"https:\/\/www.linkedin.com\/company\/cirtes\"]},{\"@type\":\"Person\",\"@id\":\"https:\/\/www.cirtes.com\/#\/schema\/person\/4c62d7de808d3ffd6521225baa803fb1\",\"name\":\"admin\",\"image\":{\"@type\":\"ImageObject\",\"inLanguage\":\"fr-FR\",\"@id\":\"https:\/\/www.cirtes.com\/#\/schema\/person\/image\/\",\"url\":\"https:\/\/secure.gravatar.com\/avatar\/84042f01a6c5cbd8d8d5393ab5786f27f58cb473d5a07bdd545299b97d2227fa?s=96&d=mm&r=g\",\"contentUrl\":\"https:\/\/secure.gravatar.com\/avatar\/84042f01a6c5cbd8d8d5393ab5786f27f58cb473d5a07bdd545299b97d2227fa?s=96&d=mm&r=g\",\"caption\":\"admin\"},\"url\":\"https:\/\/www.cirtes.com\/?author=1\"}]}<\/script>\n<!-- \/ Yoast SEO plugin. -->","yoast_head_json":{"title":"CIRTES au salon Educatec - Educatice - CIRTES","robots":{"index":"index","follow":"follow","max-snippet":"max-snippet:-1","max-image-preview":"max-image-preview:large","max-video-preview":"max-video-preview:-1"},"canonical":"https:\/\/www.cirtes.com\/?p=5788","og_locale":"fr_FR","og_type":"article","og_title":"CIRTES au salon Educatec - Educatice - CIRTES","og_description":"&nbsp; Educatec &#8211; Educatice Le Salon Educatec &#8211; Educatice est, depuis plus de 20 ans, le salon professionnel de r\u00e9f\u00e9rence en ce qui concerne l&rsquo;\u00e9ducation en France. En effet, chaque ann\u00e9e, Educatec &#8211; Educatice propose, durant 3 jours, divers conf\u00e9rences, pr\u00e9sentations, d\u00e9monstrations et d\u00e9bats afin de porter notre r\u00e9flexion sur l&rsquo;\u00e9ducation du futur et de [&hellip;]","og_url":"https:\/\/www.cirtes.com\/?p=5788","og_site_name":"CIRTES","article_published_time":"2017-11-10T08:47:21+00:00","article_modified_time":"2019-06-24T13:07:46+00:00","og_image":[{"width":800,"height":800,"url":"https:\/\/www.cirtes.com\/wp-content\/uploads\/2017\/11\/Visuel-article-V1.1.png","type":"image\/png"}],"author":"admin","twitter_card":"summary_large_image","twitter_misc":{"\u00c9crit par":"admin","Dur\u00e9e de lecture estim\u00e9e":"1 minute"},"schema":{"@context":"https:\/\/schema.org","@graph":[{"@type":"Article","@id":"https:\/\/www.cirtes.com\/?p=5788#article","isPartOf":{"@id":"https:\/\/www.cirtes.com\/?p=5788"},"author":{"name":"admin","@id":"https:\/\/www.cirtes.com\/#\/schema\/person\/4c62d7de808d3ffd6521225baa803fb1"},"headline":"CIRTES au salon Educatec &#8211; Educatice","datePublished":"2017-11-10T08:47:21+00:00","dateModified":"2019-06-24T13:07:46+00:00","mainEntityOfPage":{"@id":"https:\/\/www.cirtes.com\/?p=5788"},"wordCount":300,"publisher":{"@id":"https:\/\/www.cirtes.com\/#organization"},"keywords":["CIRTES","INORI","Pack&amp;Strat","Salons","Stratoconception"],"articleSection":["Salons"],"inLanguage":"fr-FR"},{"@type":"WebPage","@id":"https:\/\/www.cirtes.com\/?p=5788","url":"https:\/\/www.cirtes.com\/?p=5788","name":"CIRTES au salon Educatec - Educatice - CIRTES","isPartOf":{"@id":"https:\/\/www.cirtes.com\/#website"},"datePublished":"2017-11-10T08:47:21+00:00","dateModified":"2019-06-24T13:07:46+00:00","breadcrumb":{"@id":"https:\/\/www.cirtes.com\/?p=5788#breadcrumb"},"inLanguage":"fr-FR","potentialAction":[{"@type":"ReadAction","target":["https:\/\/www.cirtes.com\/?p=5788"]}]},{"@type":"BreadcrumbList","@id":"https:\/\/www.cirtes.com\/?p=5788#breadcrumb","itemListElement":[{"@type":"ListItem","position":1,"name":"Accueil","item":"https:\/\/www.cirtes.com\/"},{"@type":"ListItem","position":2,"name":"CIRTES au salon Educatec &#8211; Educatice"}]},{"@type":"WebSite","@id":"https:\/\/www.cirtes.com\/#website","url":"https:\/\/www.cirtes.com\/","name":"CIRTES","description":"Fabrication Additive et Usinage Avanc\u00e9","publisher":{"@id":"https:\/\/www.cirtes.com\/#organization"},"potentialAction":[{"@type":"SearchAction","target":{"@type":"EntryPoint","urlTemplate":"https:\/\/www.cirtes.com\/?s={search_term_string}"},"query-input":"required name=search_term_string"}],"inLanguage":"fr-FR"},{"@type":"Organization","@id":"https:\/\/www.cirtes.com\/#organization","name":"CIRTES","url":"https:\/\/www.cirtes.com\/","logo":{"@type":"ImageObject","inLanguage":"fr-FR","@id":"https:\/\/www.cirtes.com\/#\/schema\/logo\/image\/","url":"https:\/\/www.cirtes.com\/wp-content\/uploads\/2016\/05\/unnamed-2.png","contentUrl":"https:\/\/www.cirtes.com\/wp-content\/uploads\/2016\/05\/unnamed-2.png","width":300,"height":95,"caption":"CIRTES"},"image":{"@id":"https:\/\/www.cirtes.com\/#\/schema\/logo\/image\/"},"sameAs":["https:\/\/www.linkedin.com\/company\/cirtes"]},{"@type":"Person","@id":"https:\/\/www.cirtes.com\/#\/schema\/person\/4c62d7de808d3ffd6521225baa803fb1","name":"admin","image":{"@type":"ImageObject","inLanguage":"fr-FR","@id":"https:\/\/www.cirtes.com\/#\/schema\/person\/image\/","url":"https:\/\/secure.gravatar.com\/avatar\/84042f01a6c5cbd8d8d5393ab5786f27f58cb473d5a07bdd545299b97d2227fa?s=96&d=mm&r=g","contentUrl":"https:\/\/secure.gravatar.com\/avatar\/84042f01a6c5cbd8d8d5393ab5786f27f58cb473d5a07bdd545299b97d2227fa?s=96&d=mm&r=g","caption":"admin"},"url":"https:\/\/www.cirtes.com\/?author=1"}]}},"_links":{"self":[{"href":"https:\/\/www.cirtes.com\/index.php?rest_route=\/wp\/v2\/posts\/5788","targetHints":{"allow":["GET"]}}],"collection":[{"href":"https:\/\/www.cirtes.com\/index.php?rest_route=\/wp\/v2\/posts"}],"about":[{"href":"https:\/\/www.cirtes.com\/index.php?rest_route=\/wp\/v2\/types\/post"}],"author":[{"embeddable":true,"href":"https:\/\/www.cirtes.com\/index.php?rest_route=\/wp\/v2\/users\/1"}],"replies":[{"embeddable":true,"href":"https:\/\/www.cirtes.com\/index.php?rest_route=%2Fwp%2Fv2%2Fcomments&post=5788"}],"version-history":[{"count":15,"href":"https:\/\/www.cirtes.com\/index.php?rest_route=\/wp\/v2\/posts\/5788\/revisions"}],"predecessor-version":[{"id":5811,"href":"https:\/\/www.cirtes.com\/index.php?rest_route=\/wp\/v2\/posts\/5788\/revisions\/5811"}],"wp:featuredmedia":[{"embeddable":true,"href":"https:\/\/www.cirtes.com\/index.php?rest_route=\/wp\/v2\/media\/5790"}],"wp:attachment":[{"href":"https:\/\/www.cirtes.com\/index.php?rest_route=%2Fwp%2Fv2%2Fmedia&parent=5788"}],"wp:term":[{"taxonomy":"category","embeddable":true,"href":"https:\/\/www.cirtes.com\/index.php?rest_route=%2Fwp%2Fv2%2Fcategories&post=5788"},{"taxonomy":"post_tag","embeddable":true,"href":"https:\/\/www.cirtes.com\/index.php?rest_route=%2Fwp%2Fv2%2Ftags&post=5788"}],"curies":[{"name":"wp","href":"https:\/\/api.w.org\/{rel}","templated":true}]}}