{"id":3575,"date":"2017-02-13T16:10:50","date_gmt":"2017-02-13T15:10:50","guid":{"rendered":"http:\/\/www.dev.voo-voyez.fr\/cirtes\/?p=3575"},"modified":"2023-07-12T11:42:05","modified_gmt":"2023-07-12T09:42:05","slug":"claude-barlier-president-du-directoire-du-cirtes-et-president-dinori-sas-presentait-une-conference-et-animait-une-table-ronde-au-salon-3d-print-le-15-septembre","status":"publish","type":"post","link":"https:\/\/www.cirtes.com\/?p=3575","title":{"rendered":"Claude Barlier, Pr\u00e9sident du Directoire du CIRTES et Pr\u00e9sident d&rsquo;INORI SAS, pr\u00e9sentait une conf\u00e9rence et animait une table ronde au salon 3D Print, le 15 septembre"},"content":{"rendered":"<p><img decoding=\"async\" class=\"alignleft\" src=\"http:\/\/www.cirtes.com\/images\/3D-Print_bd.jpg\" alt=\"3D-Print bd\" width=\"80\" height=\"121\" \/><\/p>\n<p>Claude Barlier, Pr\u00e9sident du Directoire du CIRTES, \u00e9tait pr\u00e9sent au salon 3D Print, le 15 septembre 2015.<\/p>\n<ul>\n<li>Il pr\u00e9sentait la conf\u00e9rence \u00ab\u00a0Les diff\u00e9rentes technologies de fabrication additive\u00a0\u00bb avec Alain Bernard, \u00e0 12h. <a href=\"http:\/\/www.cirtes.com\/images\/Invitation_conf_12h_15sept_3DPrint.pdf\" target=\"_blank\" rel=\"noopener noreferrer\">Consulter l&rsquo;invitation et le programme<\/a>.<\/li>\n<li>Il animait ensuite la table ronde \u00ab\u00a0Actualit\u00e9s industrielles en Prototypage, Outillage et Fabrication Rapides\u00a0\u00bb, \u00e0 14h30. <a href=\"http:\/\/www.cirtes.com\/images\/Invitation_table_ronde_14h30_15sept_3DPrint.pdf\" target=\"_blank\" rel=\"noopener noreferrer\">Consulter l&rsquo;invitation et le programme<\/a>.<\/li>\n<\/ul>\n<p>Pour plus d&rsquo;informations, vous pouvez \u00e9galement <a href=\"http:\/\/www.cirtes.com\/images\/Programme_3DPrint.pdf\" target=\"_blank\" rel=\"noopener noreferrer\">consulter le programme int\u00e9gral du salon<\/a>.<\/p>\n","protected":false},"excerpt":{"rendered":"<p>Claude Barlier, Pr\u00e9sident du Directoire du CIRTES, \u00e9tait pr\u00e9sent au salon 3D Print, le 15 septembre 2015. Il pr\u00e9sentait la conf\u00e9rence \u00ab\u00a0Les diff\u00e9rentes technologies de fabrication additive\u00a0\u00bb avec Alain Bernard, \u00e0 12h. Consulter l&rsquo;invitation et le programme. Il animait ensuite la table ronde \u00ab\u00a0Actualit\u00e9s industrielles en Prototypage, Outillage et Fabrication Rapides\u00a0\u00bb, \u00e0 14h30. Consulter l&rsquo;invitation [&hellip;]<\/p>\n","protected":false},"author":1,"featured_media":0,"comment_status":"closed","ping_status":"open","sticky":false,"template":"","format":"standard","meta":{"ocean_post_layout":"","ocean_both_sidebars_style":"","ocean_both_sidebars_content_width":0,"ocean_both_sidebars_sidebars_width":0,"ocean_sidebar":"0","ocean_second_sidebar":"0","ocean_disable_margins":"enable","ocean_add_body_class":"","ocean_shortcode_before_top_bar":"","ocean_shortcode_after_top_bar":"","ocean_shortcode_before_header":"","ocean_shortcode_after_header":"","ocean_has_shortcode":"","ocean_shortcode_after_title":"","ocean_shortcode_before_footer_widgets":"","ocean_shortcode_after_footer_widgets":"","ocean_shortcode_before_footer_bottom":"","ocean_shortcode_after_footer_bottom":"","ocean_display_top_bar":"default","ocean_display_header":"default","ocean_header_style":"","ocean_center_header_left_menu":"0","ocean_custom_header_template":"0","ocean_custom_logo":0,"ocean_custom_retina_logo":0,"ocean_custom_logo_max_width":0,"ocean_custom_logo_tablet_max_width":0,"ocean_custom_logo_mobile_max_width":0,"ocean_custom_logo_max_height":0,"ocean_custom_logo_tablet_max_height":0,"ocean_custom_logo_mobile_max_height":0,"ocean_header_custom_menu":"0","ocean_menu_typo_font_family":"0","ocean_menu_typo_font_subset":"","ocean_menu_typo_font_size":0,"ocean_menu_typo_font_size_tablet":0,"ocean_menu_typo_font_size_mobile":0,"ocean_menu_typo_font_size_unit":"px","ocean_menu_typo_font_weight":"","ocean_menu_typo_font_weight_tablet":"","ocean_menu_typo_font_weight_mobile":"","ocean_menu_typo_transform":"","ocean_menu_typo_transform_tablet":"","ocean_menu_typo_transform_mobile":"","ocean_menu_typo_line_height":0,"ocean_menu_typo_line_height_tablet":0,"ocean_menu_typo_line_height_mobile":0,"ocean_menu_typo_line_height_unit":"","ocean_menu_typo_spacing":0,"ocean_menu_typo_spacing_tablet":0,"ocean_menu_typo_spacing_mobile":0,"ocean_menu_typo_spacing_unit":"","ocean_menu_link_color":"","ocean_menu_link_color_hover":"","ocean_menu_link_color_active":"","ocean_menu_link_background":"","ocean_menu_link_hover_background":"","ocean_menu_link_active_background":"","ocean_menu_social_links_bg":"","ocean_menu_social_hover_links_bg":"","ocean_menu_social_links_color":"","ocean_menu_social_hover_links_color":"","ocean_disable_title":"default","ocean_disable_heading":"default","ocean_post_title":"","ocean_post_subheading":"","ocean_post_title_style":"","ocean_post_title_background_color":"","ocean_post_title_background":0,"ocean_post_title_bg_image_position":"","ocean_post_title_bg_image_attachment":"","ocean_post_title_bg_image_repeat":"","ocean_post_title_bg_image_size":"","ocean_post_title_height":0,"ocean_post_title_bg_overlay":0.5,"ocean_post_title_bg_overlay_color":"","ocean_disable_breadcrumbs":"default","ocean_breadcrumbs_color":"","ocean_breadcrumbs_separator_color":"","ocean_breadcrumbs_links_color":"","ocean_breadcrumbs_links_hover_color":"","ocean_display_footer_widgets":"default","ocean_display_footer_bottom":"default","ocean_custom_footer_template":"0","osh_disable_topbar_sticky":"default","osh_disable_header_sticky":"default","osh_sticky_header_style":"default","osh_sticky_header_effect":"","osh_custom_sticky_logo":0,"osh_custom_retina_sticky_logo":0,"osh_custom_sticky_logo_height":0,"osh_background_color":"","osh_links_color":"","osh_links_hover_color":"","osh_links_active_color":"","osh_links_bg_color":"","osh_links_hover_bg_color":"","osh_links_active_bg_color":"","osh_menu_social_links_color":"","osh_menu_social_hover_links_color":"","ocean_post_oembed":"","ocean_post_self_hosted_media":"","ocean_post_video_embed":"","ocean_link_format":"","ocean_link_format_target":"self","ocean_quote_format":"","ocean_quote_format_link":"post","ocean_gallery_link_images":"off","ocean_gallery_id":[],"footnotes":""},"categories":[93],"tags":[],"class_list":["post-3575","post","type-post","status-publish","format-standard","hentry","category-salons","entry"],"yoast_head":"<!-- This site is optimized with the Yoast SEO plugin v21.8.1 - https:\/\/yoast.com\/wordpress\/plugins\/seo\/ -->\n<title>Claude Barlier, Pr\u00e9sident du Directoire du CIRTES et Pr\u00e9sident d&#039;INORI SAS, pr\u00e9sentait une conf\u00e9rence et animait une table ronde au salon 3D Print, le 15 septembre - CIRTES<\/title>\n<meta name=\"robots\" content=\"index, follow, max-snippet:-1, max-image-preview:large, max-video-preview:-1\" \/>\n<link rel=\"canonical\" href=\"https:\/\/www.cirtes.com\/?p=3575&lang=en\" \/>\n<meta property=\"og:locale\" content=\"fr_FR\" \/>\n<meta property=\"og:type\" content=\"article\" \/>\n<meta property=\"og:title\" content=\"Claude Barlier, Pr\u00e9sident du Directoire du CIRTES et Pr\u00e9sident d&#039;INORI SAS, pr\u00e9sentait une conf\u00e9rence et animait une table ronde au salon 3D Print, le 15 septembre - CIRTES\" \/>\n<meta property=\"og:description\" content=\"Claude Barlier, Pr\u00e9sident du Directoire du CIRTES, \u00e9tait pr\u00e9sent au salon 3D Print, le 15 septembre 2015. Il pr\u00e9sentait la conf\u00e9rence \u00ab\u00a0Les diff\u00e9rentes technologies de fabrication additive\u00a0\u00bb avec Alain Bernard, \u00e0 12h. Consulter l&rsquo;invitation et le programme. Il animait ensuite la table ronde \u00ab\u00a0Actualit\u00e9s industrielles en Prototypage, Outillage et Fabrication Rapides\u00a0\u00bb, \u00e0 14h30. Consulter l&rsquo;invitation [&hellip;]\" \/>\n<meta property=\"og:url\" content=\"https:\/\/www.cirtes.com\/?p=3575&amp;lang=en\" \/>\n<meta property=\"og:site_name\" content=\"CIRTES\" \/>\n<meta property=\"article:published_time\" content=\"2017-02-13T15:10:50+00:00\" \/>\n<meta property=\"article:modified_time\" content=\"2023-07-12T09:42:05+00:00\" \/>\n<meta property=\"og:image\" content=\"http:\/\/www.cirtes.com\/images\/3D-Print_bd.jpg\" \/>\n<meta name=\"author\" content=\"admin\" \/>\n<meta name=\"twitter:card\" content=\"summary_large_image\" \/>\n<meta name=\"twitter:label1\" content=\"\u00c9crit par\" \/>\n\t<meta name=\"twitter:data1\" content=\"admin\" \/>\n<script type=\"application\/ld+json\" class=\"yoast-schema-graph\">{\"@context\":\"https:\/\/schema.org\",\"@graph\":[{\"@type\":\"Article\",\"@id\":\"https:\/\/www.cirtes.com\/?p=3575&lang=en#article\",\"isPartOf\":{\"@id\":\"https:\/\/www.cirtes.com\/?p=3575&lang=en\"},\"author\":{\"name\":\"admin\",\"@id\":\"https:\/\/www.cirtes.com\/#\/schema\/person\/4c62d7de808d3ffd6521225baa803fb1\"},\"headline\":\"Claude Barlier, Pr\u00e9sident du Directoire du CIRTES et Pr\u00e9sident d&rsquo;INORI SAS, pr\u00e9sentait une conf\u00e9rence et animait une table ronde au salon 3D Print, le 15 septembre\",\"datePublished\":\"2017-02-13T15:10:50+00:00\",\"dateModified\":\"2023-07-12T09:42:05+00:00\",\"mainEntityOfPage\":{\"@id\":\"https:\/\/www.cirtes.com\/?p=3575&lang=en\"},\"wordCount\":106,\"publisher\":{\"@id\":\"https:\/\/www.cirtes.com\/#organization\"},\"articleSection\":[\"Salons\"],\"inLanguage\":\"fr-FR\"},{\"@type\":\"WebPage\",\"@id\":\"https:\/\/www.cirtes.com\/?p=3575&lang=en\",\"url\":\"https:\/\/www.cirtes.com\/?p=3575&lang=en\",\"name\":\"Claude Barlier, Pr\u00e9sident du Directoire du CIRTES et Pr\u00e9sident d'INORI SAS, pr\u00e9sentait une conf\u00e9rence et animait une table ronde au salon 3D Print, le 15 septembre - CIRTES\",\"isPartOf\":{\"@id\":\"https:\/\/www.cirtes.com\/#website\"},\"datePublished\":\"2017-02-13T15:10:50+00:00\",\"dateModified\":\"2023-07-12T09:42:05+00:00\",\"breadcrumb\":{\"@id\":\"https:\/\/www.cirtes.com\/?p=3575&lang=en#breadcrumb\"},\"inLanguage\":\"fr-FR\",\"potentialAction\":[{\"@type\":\"ReadAction\",\"target\":[\"https:\/\/www.cirtes.com\/?p=3575&lang=en\"]}]},{\"@type\":\"BreadcrumbList\",\"@id\":\"https:\/\/www.cirtes.com\/?p=3575&lang=en#breadcrumb\",\"itemListElement\":[{\"@type\":\"ListItem\",\"position\":1,\"name\":\"Accueil\",\"item\":\"https:\/\/www.cirtes.com\/\"},{\"@type\":\"ListItem\",\"position\":2,\"name\":\"Claude Barlier, Pr\u00e9sident du Directoire du CIRTES et Pr\u00e9sident d&#8217;INORI SAS, pr\u00e9sentait une conf\u00e9rence et animait une table ronde au salon 3D Print, le 15 septembre\"}]},{\"@type\":\"WebSite\",\"@id\":\"https:\/\/www.cirtes.com\/#website\",\"url\":\"https:\/\/www.cirtes.com\/\",\"name\":\"CIRTES\",\"description\":\"Fabrication Additive et Usinage Avanc\u00e9\",\"publisher\":{\"@id\":\"https:\/\/www.cirtes.com\/#organization\"},\"potentialAction\":[{\"@type\":\"SearchAction\",\"target\":{\"@type\":\"EntryPoint\",\"urlTemplate\":\"https:\/\/www.cirtes.com\/?s={search_term_string}\"},\"query-input\":\"required name=search_term_string\"}],\"inLanguage\":\"fr-FR\"},{\"@type\":\"Organization\",\"@id\":\"https:\/\/www.cirtes.com\/#organization\",\"name\":\"CIRTES\",\"url\":\"https:\/\/www.cirtes.com\/\",\"logo\":{\"@type\":\"ImageObject\",\"inLanguage\":\"fr-FR\",\"@id\":\"https:\/\/www.cirtes.com\/#\/schema\/logo\/image\/\",\"url\":\"https:\/\/www.cirtes.com\/wp-content\/uploads\/2016\/05\/unnamed-2.png\",\"contentUrl\":\"https:\/\/www.cirtes.com\/wp-content\/uploads\/2016\/05\/unnamed-2.png\",\"width\":300,\"height\":95,\"caption\":\"CIRTES\"},\"image\":{\"@id\":\"https:\/\/www.cirtes.com\/#\/schema\/logo\/image\/\"},\"sameAs\":[\"https:\/\/www.linkedin.com\/company\/cirtes\"]},{\"@type\":\"Person\",\"@id\":\"https:\/\/www.cirtes.com\/#\/schema\/person\/4c62d7de808d3ffd6521225baa803fb1\",\"name\":\"admin\",\"image\":{\"@type\":\"ImageObject\",\"inLanguage\":\"fr-FR\",\"@id\":\"https:\/\/www.cirtes.com\/#\/schema\/person\/image\/\",\"url\":\"https:\/\/secure.gravatar.com\/avatar\/84042f01a6c5cbd8d8d5393ab5786f27f58cb473d5a07bdd545299b97d2227fa?s=96&d=mm&r=g\",\"contentUrl\":\"https:\/\/secure.gravatar.com\/avatar\/84042f01a6c5cbd8d8d5393ab5786f27f58cb473d5a07bdd545299b97d2227fa?s=96&d=mm&r=g\",\"caption\":\"admin\"},\"url\":\"https:\/\/www.cirtes.com\/?author=1\"}]}<\/script>\n<!-- \/ Yoast SEO plugin. -->","yoast_head_json":{"title":"Claude Barlier, Pr\u00e9sident du Directoire du CIRTES et Pr\u00e9sident d'INORI SAS, pr\u00e9sentait une conf\u00e9rence et animait une table ronde au salon 3D Print, le 15 septembre - CIRTES","robots":{"index":"index","follow":"follow","max-snippet":"max-snippet:-1","max-image-preview":"max-image-preview:large","max-video-preview":"max-video-preview:-1"},"canonical":"https:\/\/www.cirtes.com\/?p=3575&lang=en","og_locale":"fr_FR","og_type":"article","og_title":"Claude Barlier, Pr\u00e9sident du Directoire du CIRTES et Pr\u00e9sident d'INORI SAS, pr\u00e9sentait une conf\u00e9rence et animait une table ronde au salon 3D Print, le 15 septembre - CIRTES","og_description":"Claude Barlier, Pr\u00e9sident du Directoire du CIRTES, \u00e9tait pr\u00e9sent au salon 3D Print, le 15 septembre 2015. Il pr\u00e9sentait la conf\u00e9rence \u00ab\u00a0Les diff\u00e9rentes technologies de fabrication additive\u00a0\u00bb avec Alain Bernard, \u00e0 12h. Consulter l&rsquo;invitation et le programme. Il animait ensuite la table ronde \u00ab\u00a0Actualit\u00e9s industrielles en Prototypage, Outillage et Fabrication Rapides\u00a0\u00bb, \u00e0 14h30. Consulter l&rsquo;invitation [&hellip;]","og_url":"https:\/\/www.cirtes.com\/?p=3575&lang=en","og_site_name":"CIRTES","article_published_time":"2017-02-13T15:10:50+00:00","article_modified_time":"2023-07-12T09:42:05+00:00","og_image":[{"url":"http:\/\/www.cirtes.com\/images\/3D-Print_bd.jpg"}],"author":"admin","twitter_card":"summary_large_image","twitter_misc":{"\u00c9crit par":"admin"},"schema":{"@context":"https:\/\/schema.org","@graph":[{"@type":"Article","@id":"https:\/\/www.cirtes.com\/?p=3575&lang=en#article","isPartOf":{"@id":"https:\/\/www.cirtes.com\/?p=3575&lang=en"},"author":{"name":"admin","@id":"https:\/\/www.cirtes.com\/#\/schema\/person\/4c62d7de808d3ffd6521225baa803fb1"},"headline":"Claude Barlier, Pr\u00e9sident du Directoire du CIRTES et Pr\u00e9sident d&rsquo;INORI SAS, pr\u00e9sentait une conf\u00e9rence et animait une table ronde au salon 3D Print, le 15 septembre","datePublished":"2017-02-13T15:10:50+00:00","dateModified":"2023-07-12T09:42:05+00:00","mainEntityOfPage":{"@id":"https:\/\/www.cirtes.com\/?p=3575&lang=en"},"wordCount":106,"publisher":{"@id":"https:\/\/www.cirtes.com\/#organization"},"articleSection":["Salons"],"inLanguage":"fr-FR"},{"@type":"WebPage","@id":"https:\/\/www.cirtes.com\/?p=3575&lang=en","url":"https:\/\/www.cirtes.com\/?p=3575&lang=en","name":"Claude Barlier, Pr\u00e9sident du Directoire du CIRTES et Pr\u00e9sident d'INORI SAS, pr\u00e9sentait une conf\u00e9rence et animait une table ronde au salon 3D Print, le 15 septembre - CIRTES","isPartOf":{"@id":"https:\/\/www.cirtes.com\/#website"},"datePublished":"2017-02-13T15:10:50+00:00","dateModified":"2023-07-12T09:42:05+00:00","breadcrumb":{"@id":"https:\/\/www.cirtes.com\/?p=3575&lang=en#breadcrumb"},"inLanguage":"fr-FR","potentialAction":[{"@type":"ReadAction","target":["https:\/\/www.cirtes.com\/?p=3575&lang=en"]}]},{"@type":"BreadcrumbList","@id":"https:\/\/www.cirtes.com\/?p=3575&lang=en#breadcrumb","itemListElement":[{"@type":"ListItem","position":1,"name":"Accueil","item":"https:\/\/www.cirtes.com\/"},{"@type":"ListItem","position":2,"name":"Claude Barlier, Pr\u00e9sident du Directoire du CIRTES et Pr\u00e9sident d&#8217;INORI SAS, pr\u00e9sentait une conf\u00e9rence et animait une table ronde au salon 3D Print, le 15 septembre"}]},{"@type":"WebSite","@id":"https:\/\/www.cirtes.com\/#website","url":"https:\/\/www.cirtes.com\/","name":"CIRTES","description":"Fabrication Additive et Usinage Avanc\u00e9","publisher":{"@id":"https:\/\/www.cirtes.com\/#organization"},"potentialAction":[{"@type":"SearchAction","target":{"@type":"EntryPoint","urlTemplate":"https:\/\/www.cirtes.com\/?s={search_term_string}"},"query-input":"required name=search_term_string"}],"inLanguage":"fr-FR"},{"@type":"Organization","@id":"https:\/\/www.cirtes.com\/#organization","name":"CIRTES","url":"https:\/\/www.cirtes.com\/","logo":{"@type":"ImageObject","inLanguage":"fr-FR","@id":"https:\/\/www.cirtes.com\/#\/schema\/logo\/image\/","url":"https:\/\/www.cirtes.com\/wp-content\/uploads\/2016\/05\/unnamed-2.png","contentUrl":"https:\/\/www.cirtes.com\/wp-content\/uploads\/2016\/05\/unnamed-2.png","width":300,"height":95,"caption":"CIRTES"},"image":{"@id":"https:\/\/www.cirtes.com\/#\/schema\/logo\/image\/"},"sameAs":["https:\/\/www.linkedin.com\/company\/cirtes"]},{"@type":"Person","@id":"https:\/\/www.cirtes.com\/#\/schema\/person\/4c62d7de808d3ffd6521225baa803fb1","name":"admin","image":{"@type":"ImageObject","inLanguage":"fr-FR","@id":"https:\/\/www.cirtes.com\/#\/schema\/person\/image\/","url":"https:\/\/secure.gravatar.com\/avatar\/84042f01a6c5cbd8d8d5393ab5786f27f58cb473d5a07bdd545299b97d2227fa?s=96&d=mm&r=g","contentUrl":"https:\/\/secure.gravatar.com\/avatar\/84042f01a6c5cbd8d8d5393ab5786f27f58cb473d5a07bdd545299b97d2227fa?s=96&d=mm&r=g","caption":"admin"},"url":"https:\/\/www.cirtes.com\/?author=1"}]}},"_links":{"self":[{"href":"https:\/\/www.cirtes.com\/index.php?rest_route=\/wp\/v2\/posts\/3575","targetHints":{"allow":["GET"]}}],"collection":[{"href":"https:\/\/www.cirtes.com\/index.php?rest_route=\/wp\/v2\/posts"}],"about":[{"href":"https:\/\/www.cirtes.com\/index.php?rest_route=\/wp\/v2\/types\/post"}],"author":[{"embeddable":true,"href":"https:\/\/www.cirtes.com\/index.php?rest_route=\/wp\/v2\/users\/1"}],"replies":[{"embeddable":true,"href":"https:\/\/www.cirtes.com\/index.php?rest_route=%2Fwp%2Fv2%2Fcomments&post=3575"}],"version-history":[{"count":2,"href":"https:\/\/www.cirtes.com\/index.php?rest_route=\/wp\/v2\/posts\/3575\/revisions"}],"predecessor-version":[{"id":12061,"href":"https:\/\/www.cirtes.com\/index.php?rest_route=\/wp\/v2\/posts\/3575\/revisions\/12061"}],"wp:attachment":[{"href":"https:\/\/www.cirtes.com\/index.php?rest_route=%2Fwp%2Fv2%2Fmedia&parent=3575"}],"wp:term":[{"taxonomy":"category","embeddable":true,"href":"https:\/\/www.cirtes.com\/index.php?rest_route=%2Fwp%2Fv2%2Fcategories&post=3575"},{"taxonomy":"post_tag","embeddable":true,"href":"https:\/\/www.cirtes.com\/index.php?rest_route=%2Fwp%2Fv2%2Ftags&post=3575"}],"curies":[{"name":"wp","href":"https:\/\/api.w.org\/{rel}","templated":true}]}}