{"id":3212,"date":"2016-09-16T09:08:35","date_gmt":"2016-09-16T07:08:35","guid":{"rendered":"http:\/\/www.dev.voo-voyez.fr\/cirtes\/?p=3212"},"modified":"2019-06-24T15:18:40","modified_gmt":"2019-06-24T13:18:40","slug":"3212","status":"publish","type":"post","link":"https:\/\/www.cirtes.com\/?p=3212","title":{"rendered":"Assises Europ\u00e9ennes de la Fabrication Additive 2014"},"content":{"rendered":"<p>Le CIRTES sera pr\u00e9sent aux Assises Europ\u00e9ennes de la Fabrication Additive<br \/>\n\u00e0 l&rsquo;Ecole Centrale de Paris (Ch\u00e2tenay-Malabry, 92) les 24, 25 et 26 Juin 2014<\/p>\n<p><img decoding=\"async\" src=\"http:\/\/www.dev.voo-voyez.fr\/cirtes\/wp-content\/uploads\/sites\/3\/2016\/09\/logoAEFA2013.jpg\" alt=\"logoaefa2013\" width=\"90\" height=\"83\" class=\"alignnone size-full wp-image-3211\" \/><br \/>\n<img fetchpriority=\"high\" decoding=\"async\" src=\"http:\/\/www.dev.voo-voyez.fr\/cirtes\/wp-content\/uploads\/sites\/3\/2016\/09\/assises_europeennes-300x225.png\" alt=\"assises_europeennes\" width=\"300\" height=\"225\" class=\"alignnone size-medium wp-image-3214\" \/><br \/>\nConstruction en fabrication additive<\/p>\n<p>Nous vous invitons \u00e0 venir d\u00e9couvrir nos derni\u00e8res nouveaut\u00e9s sur le<br \/>\nproc\u00e9d\u00e9 de Stratoconception<sup>\u00ae<\/sup> au travers de 2 conf\u00e9rences :<\/p>\n<p>&#8211; Pack &#038; Strat<sup>\u00ae<\/sup> : Une solution num\u00e9rique de FA op\u00e9rationnelle d\u00e9di\u00e9e \u00e0 l&#8217;emballage rapide 3D &#8211; Applications pour l&rsquo;industrie et le grand public<br \/>\nClaude BARLIER, CIRTES ; Fabien MONSALIER, La Poste &#8211; France<\/p>\n<p>&#8211; Fabrication Additive par Stratoconception<sup>\u00ae<\/sup> pour l\u2019A\u00e9ronautique &#8211; Maquettes et Outillages de Grandes Dimensions<br \/>\nClaude BARLIER, CIRTES &#8211; France<\/p>\n<p>Contact :<\/p>\n<p>CIRTES<br \/>\nDavid DI GIUSEPPE<br \/>\n29 bis, rue d&rsquo;Hellieule &#8211; 88100 Saint-Di\u00e9-des-Vosges &#8211; France<br \/>\nT\u00e9l : +33 (0)3 29 55 11 71 &#8211; Fax : +33 (0)3 29 55 10 45<br \/>\ne-mail : david.digiuseppe@cirtes.fr<\/p>\n","protected":false},"excerpt":{"rendered":"<p>Le CIRTES sera pr\u00e9sent aux Assises Europ\u00e9ennes de la Fabrication Additive \u00e0 l&rsquo;Ecole Centrale de Paris (Ch\u00e2tenay-Malabry, 92) les 24, 25 et 26 Juin 2014 Construction en fabrication additive Nous vous invitons \u00e0 venir d\u00e9couvrir nos derni\u00e8res nouveaut\u00e9s sur le proc\u00e9d\u00e9 de Stratoconception\u00ae au travers de 2 conf\u00e9rences : &#8211; Pack &#038; Strat\u00ae : Une [&hellip;]<\/p>\n","protected":false},"author":1,"featured_media":0,"comment_status":"closed","ping_status":"open","sticky":false,"template":"","format":"standard","meta":{"ocean_post_layout":"","ocean_both_sidebars_style":"","ocean_both_sidebars_content_width":0,"ocean_both_sidebars_sidebars_width":0,"ocean_sidebar":"","ocean_second_sidebar":"","ocean_disable_margins":"enable","ocean_add_body_class":"","ocean_shortcode_before_top_bar":"","ocean_shortcode_after_top_bar":"","ocean_shortcode_before_header":"","ocean_shortcode_after_header":"","ocean_has_shortcode":"","ocean_shortcode_after_title":"","ocean_shortcode_before_footer_widgets":"","ocean_shortcode_after_footer_widgets":"","ocean_shortcode_before_footer_bottom":"","ocean_shortcode_after_footer_bottom":"","ocean_display_top_bar":"default","ocean_display_header":"default","ocean_header_style":"","ocean_center_header_left_menu":"","ocean_custom_header_template":"","ocean_custom_logo":0,"ocean_custom_retina_logo":0,"ocean_custom_logo_max_width":0,"ocean_custom_logo_tablet_max_width":0,"ocean_custom_logo_mobile_max_width":0,"ocean_custom_logo_max_height":0,"ocean_custom_logo_tablet_max_height":0,"ocean_custom_logo_mobile_max_height":0,"ocean_header_custom_menu":"","ocean_menu_typo_font_family":"","ocean_menu_typo_font_subset":"","ocean_menu_typo_font_size":0,"ocean_menu_typo_font_size_tablet":0,"ocean_menu_typo_font_size_mobile":0,"ocean_menu_typo_font_size_unit":"px","ocean_menu_typo_font_weight":"","ocean_menu_typo_font_weight_tablet":"","ocean_menu_typo_font_weight_mobile":"","ocean_menu_typo_transform":"","ocean_menu_typo_transform_tablet":"","ocean_menu_typo_transform_mobile":"","ocean_menu_typo_line_height":0,"ocean_menu_typo_line_height_tablet":0,"ocean_menu_typo_line_height_mobile":0,"ocean_menu_typo_line_height_unit":"","ocean_menu_typo_spacing":0,"ocean_menu_typo_spacing_tablet":0,"ocean_menu_typo_spacing_mobile":0,"ocean_menu_typo_spacing_unit":"","ocean_menu_link_color":"","ocean_menu_link_color_hover":"","ocean_menu_link_color_active":"","ocean_menu_link_background":"","ocean_menu_link_hover_background":"","ocean_menu_link_active_background":"","ocean_menu_social_links_bg":"","ocean_menu_social_hover_links_bg":"","ocean_menu_social_links_color":"","ocean_menu_social_hover_links_color":"","ocean_disable_title":"default","ocean_disable_heading":"default","ocean_post_title":"","ocean_post_subheading":"","ocean_post_title_style":"","ocean_post_title_background_color":"","ocean_post_title_background":0,"ocean_post_title_bg_image_position":"","ocean_post_title_bg_image_attachment":"","ocean_post_title_bg_image_repeat":"","ocean_post_title_bg_image_size":"","ocean_post_title_height":0,"ocean_post_title_bg_overlay":0.5,"ocean_post_title_bg_overlay_color":"","ocean_disable_breadcrumbs":"default","ocean_breadcrumbs_color":"","ocean_breadcrumbs_separator_color":"","ocean_breadcrumbs_links_color":"","ocean_breadcrumbs_links_hover_color":"","ocean_display_footer_widgets":"default","ocean_display_footer_bottom":"default","ocean_custom_footer_template":"","osh_disable_topbar_sticky":"default","osh_disable_header_sticky":"default","osh_sticky_header_style":"default","osh_sticky_header_effect":"","osh_custom_sticky_logo":0,"osh_custom_retina_sticky_logo":0,"osh_custom_sticky_logo_height":0,"osh_background_color":"","osh_links_color":"","osh_links_hover_color":"","osh_links_active_color":"","osh_links_bg_color":"","osh_links_hover_bg_color":"","osh_links_active_bg_color":"","osh_menu_social_links_color":"","osh_menu_social_hover_links_color":"","ocean_post_oembed":"","ocean_post_self_hosted_media":"","ocean_post_video_embed":"","ocean_link_format":"","ocean_link_format_target":"self","ocean_quote_format":"","ocean_quote_format_link":"post","ocean_gallery_link_images":"on","ocean_gallery_id":[],"footnotes":""},"categories":[93],"tags":[],"class_list":["post-3212","post","type-post","status-publish","format-standard","hentry","category-salons","entry"],"yoast_head":"<!-- This site is optimized with the Yoast SEO plugin v21.8.1 - https:\/\/yoast.com\/wordpress\/plugins\/seo\/ -->\n<title>Assises Europ\u00e9ennes de la Fabrication Additive 2014 - CIRTES<\/title>\n<meta name=\"robots\" content=\"index, follow, max-snippet:-1, max-image-preview:large, max-video-preview:-1\" \/>\n<link rel=\"canonical\" href=\"https:\/\/www.cirtes.com\/?p=3212\" \/>\n<meta property=\"og:locale\" content=\"fr_FR\" \/>\n<meta property=\"og:type\" content=\"article\" \/>\n<meta property=\"og:title\" content=\"Assises Europ\u00e9ennes de la Fabrication Additive 2014 - CIRTES\" \/>\n<meta property=\"og:description\" content=\"Le CIRTES sera pr\u00e9sent aux Assises Europ\u00e9ennes de la Fabrication Additive \u00e0 l&rsquo;Ecole Centrale de Paris (Ch\u00e2tenay-Malabry, 92) les 24, 25 et 26 Juin 2014 Construction en fabrication additive Nous vous invitons \u00e0 venir d\u00e9couvrir nos derni\u00e8res nouveaut\u00e9s sur le proc\u00e9d\u00e9 de Stratoconception\u00ae au travers de 2 conf\u00e9rences : &#8211; Pack &#038; Strat\u00ae : Une [&hellip;]\" \/>\n<meta property=\"og:url\" content=\"https:\/\/www.cirtes.com\/?p=3212\" \/>\n<meta property=\"og:site_name\" content=\"CIRTES\" \/>\n<meta property=\"article:published_time\" content=\"2016-09-16T07:08:35+00:00\" \/>\n<meta property=\"article:modified_time\" content=\"2019-06-24T13:18:40+00:00\" \/>\n<meta property=\"og:image\" content=\"http:\/\/www.dev.voo-voyez.fr\/cirtes\/wp-content\/uploads\/sites\/3\/2016\/09\/logoAEFA2013.jpg\" \/>\n<meta name=\"author\" content=\"admin\" \/>\n<meta name=\"twitter:card\" content=\"summary_large_image\" \/>\n<meta name=\"twitter:label1\" content=\"\u00c9crit par\" \/>\n\t<meta name=\"twitter:data1\" content=\"admin\" \/>\n\t<meta name=\"twitter:label2\" content=\"Dur\u00e9e de lecture estim\u00e9e\" \/>\n\t<meta name=\"twitter:data2\" content=\"1 minute\" \/>\n<script type=\"application\/ld+json\" class=\"yoast-schema-graph\">{\"@context\":\"https:\/\/schema.org\",\"@graph\":[{\"@type\":\"Article\",\"@id\":\"https:\/\/www.cirtes.com\/?p=3212#article\",\"isPartOf\":{\"@id\":\"https:\/\/www.cirtes.com\/?p=3212\"},\"author\":{\"name\":\"admin\",\"@id\":\"https:\/\/www.cirtes.com\/#\/schema\/person\/4c62d7de808d3ffd6521225baa803fb1\"},\"headline\":\"Assises Europ\u00e9ennes de la Fabrication Additive 2014\",\"datePublished\":\"2016-09-16T07:08:35+00:00\",\"dateModified\":\"2019-06-24T13:18:40+00:00\",\"mainEntityOfPage\":{\"@id\":\"https:\/\/www.cirtes.com\/?p=3212\"},\"wordCount\":136,\"publisher\":{\"@id\":\"https:\/\/www.cirtes.com\/#organization\"},\"articleSection\":[\"Salons\"],\"inLanguage\":\"fr-FR\"},{\"@type\":\"WebPage\",\"@id\":\"https:\/\/www.cirtes.com\/?p=3212\",\"url\":\"https:\/\/www.cirtes.com\/?p=3212\",\"name\":\"Assises Europ\u00e9ennes de la Fabrication Additive 2014 - CIRTES\",\"isPartOf\":{\"@id\":\"https:\/\/www.cirtes.com\/#website\"},\"datePublished\":\"2016-09-16T07:08:35+00:00\",\"dateModified\":\"2019-06-24T13:18:40+00:00\",\"breadcrumb\":{\"@id\":\"https:\/\/www.cirtes.com\/?p=3212#breadcrumb\"},\"inLanguage\":\"fr-FR\",\"potentialAction\":[{\"@type\":\"ReadAction\",\"target\":[\"https:\/\/www.cirtes.com\/?p=3212\"]}]},{\"@type\":\"BreadcrumbList\",\"@id\":\"https:\/\/www.cirtes.com\/?p=3212#breadcrumb\",\"itemListElement\":[{\"@type\":\"ListItem\",\"position\":1,\"name\":\"Accueil\",\"item\":\"https:\/\/www.cirtes.com\/\"},{\"@type\":\"ListItem\",\"position\":2,\"name\":\"Assises Europ\u00e9ennes de la Fabrication Additive 2014\"}]},{\"@type\":\"WebSite\",\"@id\":\"https:\/\/www.cirtes.com\/#website\",\"url\":\"https:\/\/www.cirtes.com\/\",\"name\":\"CIRTES\",\"description\":\"Fabrication Additive et Usinage Avanc\u00e9\",\"publisher\":{\"@id\":\"https:\/\/www.cirtes.com\/#organization\"},\"potentialAction\":[{\"@type\":\"SearchAction\",\"target\":{\"@type\":\"EntryPoint\",\"urlTemplate\":\"https:\/\/www.cirtes.com\/?s={search_term_string}\"},\"query-input\":\"required name=search_term_string\"}],\"inLanguage\":\"fr-FR\"},{\"@type\":\"Organization\",\"@id\":\"https:\/\/www.cirtes.com\/#organization\",\"name\":\"CIRTES\",\"url\":\"https:\/\/www.cirtes.com\/\",\"logo\":{\"@type\":\"ImageObject\",\"inLanguage\":\"fr-FR\",\"@id\":\"https:\/\/www.cirtes.com\/#\/schema\/logo\/image\/\",\"url\":\"https:\/\/www.cirtes.com\/wp-content\/uploads\/2016\/05\/unnamed-2.png\",\"contentUrl\":\"https:\/\/www.cirtes.com\/wp-content\/uploads\/2016\/05\/unnamed-2.png\",\"width\":300,\"height\":95,\"caption\":\"CIRTES\"},\"image\":{\"@id\":\"https:\/\/www.cirtes.com\/#\/schema\/logo\/image\/\"},\"sameAs\":[\"https:\/\/www.linkedin.com\/company\/cirtes\"]},{\"@type\":\"Person\",\"@id\":\"https:\/\/www.cirtes.com\/#\/schema\/person\/4c62d7de808d3ffd6521225baa803fb1\",\"name\":\"admin\",\"image\":{\"@type\":\"ImageObject\",\"inLanguage\":\"fr-FR\",\"@id\":\"https:\/\/www.cirtes.com\/#\/schema\/person\/image\/\",\"url\":\"https:\/\/secure.gravatar.com\/avatar\/84042f01a6c5cbd8d8d5393ab5786f27f58cb473d5a07bdd545299b97d2227fa?s=96&d=mm&r=g\",\"contentUrl\":\"https:\/\/secure.gravatar.com\/avatar\/84042f01a6c5cbd8d8d5393ab5786f27f58cb473d5a07bdd545299b97d2227fa?s=96&d=mm&r=g\",\"caption\":\"admin\"},\"url\":\"https:\/\/www.cirtes.com\/?author=1\"}]}<\/script>\n<!-- \/ Yoast SEO plugin. -->","yoast_head_json":{"title":"Assises Europ\u00e9ennes de la Fabrication Additive 2014 - CIRTES","robots":{"index":"index","follow":"follow","max-snippet":"max-snippet:-1","max-image-preview":"max-image-preview:large","max-video-preview":"max-video-preview:-1"},"canonical":"https:\/\/www.cirtes.com\/?p=3212","og_locale":"fr_FR","og_type":"article","og_title":"Assises Europ\u00e9ennes de la Fabrication Additive 2014 - CIRTES","og_description":"Le CIRTES sera pr\u00e9sent aux Assises Europ\u00e9ennes de la Fabrication Additive \u00e0 l&rsquo;Ecole Centrale de Paris (Ch\u00e2tenay-Malabry, 92) les 24, 25 et 26 Juin 2014 Construction en fabrication additive Nous vous invitons \u00e0 venir d\u00e9couvrir nos derni\u00e8res nouveaut\u00e9s sur le proc\u00e9d\u00e9 de Stratoconception\u00ae au travers de 2 conf\u00e9rences : &#8211; Pack &#038; Strat\u00ae : Une [&hellip;]","og_url":"https:\/\/www.cirtes.com\/?p=3212","og_site_name":"CIRTES","article_published_time":"2016-09-16T07:08:35+00:00","article_modified_time":"2019-06-24T13:18:40+00:00","og_image":[{"url":"http:\/\/www.dev.voo-voyez.fr\/cirtes\/wp-content\/uploads\/sites\/3\/2016\/09\/logoAEFA2013.jpg"}],"author":"admin","twitter_card":"summary_large_image","twitter_misc":{"\u00c9crit par":"admin","Dur\u00e9e de lecture estim\u00e9e":"1 minute"},"schema":{"@context":"https:\/\/schema.org","@graph":[{"@type":"Article","@id":"https:\/\/www.cirtes.com\/?p=3212#article","isPartOf":{"@id":"https:\/\/www.cirtes.com\/?p=3212"},"author":{"name":"admin","@id":"https:\/\/www.cirtes.com\/#\/schema\/person\/4c62d7de808d3ffd6521225baa803fb1"},"headline":"Assises Europ\u00e9ennes de la Fabrication Additive 2014","datePublished":"2016-09-16T07:08:35+00:00","dateModified":"2019-06-24T13:18:40+00:00","mainEntityOfPage":{"@id":"https:\/\/www.cirtes.com\/?p=3212"},"wordCount":136,"publisher":{"@id":"https:\/\/www.cirtes.com\/#organization"},"articleSection":["Salons"],"inLanguage":"fr-FR"},{"@type":"WebPage","@id":"https:\/\/www.cirtes.com\/?p=3212","url":"https:\/\/www.cirtes.com\/?p=3212","name":"Assises Europ\u00e9ennes de la Fabrication Additive 2014 - CIRTES","isPartOf":{"@id":"https:\/\/www.cirtes.com\/#website"},"datePublished":"2016-09-16T07:08:35+00:00","dateModified":"2019-06-24T13:18:40+00:00","breadcrumb":{"@id":"https:\/\/www.cirtes.com\/?p=3212#breadcrumb"},"inLanguage":"fr-FR","potentialAction":[{"@type":"ReadAction","target":["https:\/\/www.cirtes.com\/?p=3212"]}]},{"@type":"BreadcrumbList","@id":"https:\/\/www.cirtes.com\/?p=3212#breadcrumb","itemListElement":[{"@type":"ListItem","position":1,"name":"Accueil","item":"https:\/\/www.cirtes.com\/"},{"@type":"ListItem","position":2,"name":"Assises Europ\u00e9ennes de la Fabrication Additive 2014"}]},{"@type":"WebSite","@id":"https:\/\/www.cirtes.com\/#website","url":"https:\/\/www.cirtes.com\/","name":"CIRTES","description":"Fabrication Additive et Usinage Avanc\u00e9","publisher":{"@id":"https:\/\/www.cirtes.com\/#organization"},"potentialAction":[{"@type":"SearchAction","target":{"@type":"EntryPoint","urlTemplate":"https:\/\/www.cirtes.com\/?s={search_term_string}"},"query-input":"required name=search_term_string"}],"inLanguage":"fr-FR"},{"@type":"Organization","@id":"https:\/\/www.cirtes.com\/#organization","name":"CIRTES","url":"https:\/\/www.cirtes.com\/","logo":{"@type":"ImageObject","inLanguage":"fr-FR","@id":"https:\/\/www.cirtes.com\/#\/schema\/logo\/image\/","url":"https:\/\/www.cirtes.com\/wp-content\/uploads\/2016\/05\/unnamed-2.png","contentUrl":"https:\/\/www.cirtes.com\/wp-content\/uploads\/2016\/05\/unnamed-2.png","width":300,"height":95,"caption":"CIRTES"},"image":{"@id":"https:\/\/www.cirtes.com\/#\/schema\/logo\/image\/"},"sameAs":["https:\/\/www.linkedin.com\/company\/cirtes"]},{"@type":"Person","@id":"https:\/\/www.cirtes.com\/#\/schema\/person\/4c62d7de808d3ffd6521225baa803fb1","name":"admin","image":{"@type":"ImageObject","inLanguage":"fr-FR","@id":"https:\/\/www.cirtes.com\/#\/schema\/person\/image\/","url":"https:\/\/secure.gravatar.com\/avatar\/84042f01a6c5cbd8d8d5393ab5786f27f58cb473d5a07bdd545299b97d2227fa?s=96&d=mm&r=g","contentUrl":"https:\/\/secure.gravatar.com\/avatar\/84042f01a6c5cbd8d8d5393ab5786f27f58cb473d5a07bdd545299b97d2227fa?s=96&d=mm&r=g","caption":"admin"},"url":"https:\/\/www.cirtes.com\/?author=1"}]}},"_links":{"self":[{"href":"https:\/\/www.cirtes.com\/index.php?rest_route=\/wp\/v2\/posts\/3212","targetHints":{"allow":["GET"]}}],"collection":[{"href":"https:\/\/www.cirtes.com\/index.php?rest_route=\/wp\/v2\/posts"}],"about":[{"href":"https:\/\/www.cirtes.com\/index.php?rest_route=\/wp\/v2\/types\/post"}],"author":[{"embeddable":true,"href":"https:\/\/www.cirtes.com\/index.php?rest_route=\/wp\/v2\/users\/1"}],"replies":[{"embeddable":true,"href":"https:\/\/www.cirtes.com\/index.php?rest_route=%2Fwp%2Fv2%2Fcomments&post=3212"}],"version-history":[{"count":1,"href":"https:\/\/www.cirtes.com\/index.php?rest_route=\/wp\/v2\/posts\/3212\/revisions"}],"predecessor-version":[{"id":6333,"href":"https:\/\/www.cirtes.com\/index.php?rest_route=\/wp\/v2\/posts\/3212\/revisions\/6333"}],"wp:attachment":[{"href":"https:\/\/www.cirtes.com\/index.php?rest_route=%2Fwp%2Fv2%2Fmedia&parent=3212"}],"wp:term":[{"taxonomy":"category","embeddable":true,"href":"https:\/\/www.cirtes.com\/index.php?rest_route=%2Fwp%2Fv2%2Fcategories&post=3212"},{"taxonomy":"post_tag","embeddable":true,"href":"https:\/\/www.cirtes.com\/index.php?rest_route=%2Fwp%2Fv2%2Ftags&post=3212"}],"curies":[{"name":"wp","href":"https:\/\/api.w.org\/{rel}","templated":true}]}}